{"id":2566,"date":"2024-06-10T14:45:39","date_gmt":"2024-06-10T14:45:39","guid":{"rendered":"https:\/\/ligaportugalyouth.pt\/?p=2566"},"modified":"2024-06-13T15:26:33","modified_gmt":"2024-06-13T15:26:33","slug":"com-muita-vontade-de-competir-neste-grande-torneio","status":"publish","type":"post","link":"https:\/\/ligaportugalyouth.pt\/index.php\/2024\/06\/10\/com-muita-vontade-de-competir-neste-grande-torneio\/","title":{"rendered":"\u201cCom muita vontade de competir neste grande torneio\u201d"},"content":{"rendered":"<h4 class=\"news-lead\">Luis Cabello \u00e9 capit\u00e3o do Sevilla FC e n\u00e3o esconde \u201co entusiasmo\u201d em torno do Liga Portugal Youth<\/h4>\n<p>Ainda com 11 anos de idade, Luis Cabello j\u00e1 assumiu a bra\u00e7adeira de capit\u00e3o de um dos gigantes da Andaluzia: o Sevilla FC. Com muita ambi\u00e7\u00e3o e convic\u00e7\u00e3o, este \u201cTalento que Marcar\u00e1 o Mundo\u201d lan\u00e7a o progn\u00f3stico que os andaluzes \u201cser\u00e3o os vencedores da primeira edi\u00e7\u00e3o do Liga Portugal Youth\u201d.<\/p>\n<p>\u201cComo capit\u00e3o, o mais importante \u00e9 motivar e ajudar a minha equipa a jogar com confian\u00e7a, para alcan\u00e7armos o melhor n\u00edvel poss\u00edvel\u201d, lan\u00e7a Luis, que admite \u201cestar muito entusiasmado e com muita vontade de competir por este t\u00edtulo, contra grandes equipas, na bela cidade do Porto\u201d.<\/p>\n<p>Al\u00e9m de esperar \u201caproveitar ao m\u00e1ximo a grande experi\u00eancia que ser\u00e1 este torneio, juntamente com o restante plantel e equipa t\u00e9cnica\u201d, o camisola 10 dos andaluzes espera \u201cfazer amigos nos outros clubes e manter contacto como eles, como acontece em outros torneios\u201d em que j\u00e1 participou.<\/p>\n<p>Pelas 12h00 de sexta-feira, os espanh\u00f3is medem for\u00e7as diante do VfB Stuttgart, voltando a entrar em campo no s\u00e1bado, pelas 9h00, diante do SL Benfica.<\/p>\n","protected":false},"excerpt":{"rendered":"<p>Luis Cabello \u00e9 capit\u00e3o do Sevilla FC e n\u00e3o esconde \u201co entusiasmo\u201d em torno do Liga Portugal Youth<\/p>\n","protected":false},"author":1,"featured_media":3338,"comment_status":"closed","ping_status":"closed","sticky":false,"template":"","format":"image","meta":{"footnotes":""},"categories":[149],"tags":[],"class_list":["post-2566","post","type-post","status-publish","format-image","has-post-thumbnail","hentry","category-noticia","post_format-post-format-image"],"aioseo_notices":[],"_links":{"self":[{"href":"https:\/\/ligaportugalyouth.pt\/index.php\/wp-json\/wp\/v2\/posts\/2566","targetHints":{"allow":["GET"]}}],"collection":[{"href":"https:\/\/ligaportugalyouth.pt\/index.php\/wp-json\/wp\/v2\/posts"}],"about":[{"href":"https:\/\/ligaportugalyouth.pt\/index.php\/wp-json\/wp\/v2\/types\/post"}],"author":[{"embeddable":true,"href":"https:\/\/ligaportugalyouth.pt\/index.php\/wp-json\/wp\/v2\/users\/1"}],"replies":[{"embeddable":true,"href":"https:\/\/ligaportugalyouth.pt\/index.php\/wp-json\/wp\/v2\/comments?post=2566"}],"version-history":[{"count":4,"href":"https:\/\/ligaportugalyouth.pt\/index.php\/wp-json\/wp\/v2\/posts\/2566\/revisions"}],"predecessor-version":[{"id":3161,"href":"https:\/\/ligaportugalyouth.pt\/index.php\/wp-json\/wp\/v2\/posts\/2566\/revisions\/3161"}],"wp:featuredmedia":[{"embeddable":true,"href":"https:\/\/ligaportugalyouth.pt\/index.php\/wp-json\/wp\/v2\/media\/3338"}],"wp:attachment":[{"href":"https:\/\/ligaportugalyouth.pt\/index.php\/wp-json\/wp\/v2\/media?parent=2566"}],"wp:term":[{"taxonomy":"category","embeddable":true,"href":"https:\/\/ligaportugalyouth.pt\/index.php\/wp-json\/wp\/v2\/categories?post=2566"},{"taxonomy":"post_tag","embeddable":true,"href":"https:\/\/ligaportugalyouth.pt\/index.php\/wp-json\/wp\/v2\/tags?post=2566"}],"curies":[{"name":"wp","href":"https:\/\/api.w.org\/{rel}","templated":true}]}}